{"id":11339,"date":"2018-11-07T15:40:54","date_gmt":"2018-11-07T15:40:54","guid":{"rendered":"https:\/\/gaggaalliance.org\/les-femmes-de-marina-cue-resistance-et-autonomisation-au-paraguay-2\/"},"modified":"2024-10-18T11:46:47","modified_gmt":"2024-10-18T11:46:47","slug":"les-femmes-de-marina-cue-resistance-et-autonomisation-au-paraguay-2","status":"publish","type":"post","link":"https:\/\/gaggaalliance.org\/fr\/les-femmes-de-marina-cue-resistance-et-autonomisation-au-paraguay-2\/","title":{"rendered":"Les femmes de Marina Cu\u00e9, r\u00e9sistance et autonomisation au Paraguay"},"content":{"rendered":"<p><em><span style=\"font-size: 14pt;\">Les femmes de Marina Cu\u00e9 sont un mod\u00e8le de r\u00e9sistance. C\u2019est gr\u00e2ce \u00e0 leur travail de plaidoyer qu\u2019elles ont obtenu la lib\u00e9ration de leurs camarades condamn\u00e9s dans l\u2019affaire du massacre de Curuguaty. Elles ont obtenu en outre la construction d\u2019une \u00e9cole multiniveaux et d\u2019une route, elles ont mis en place un potager communautaire ainsi que d\u2019autres activit\u00e9s productives dans le village de Marina Cu\u00e9.<\/span><\/em><\/p>\n<p><span style=\"font-size: 14pt;\">Il y a six ans, la vie des familles de Marina Cu\u00e9, un terrain situ\u00e9 dans la ville de Curuguaty, au Paraguay, a bascul\u00e9. Une expulsion violente, men\u00e9e par la police, a caus\u00e9 la mort de 17 personnes, 11 paysans et 6 agents. Ces faits sont pass\u00e9s dans l\u2019histoire comme le massacre de Curuguaty. Dans cette affaire, 11 paysans et paysannes ont \u00e9t\u00e9 reconnus coupables et condamn\u00e9s \u00e0 des peines de prison, certaines allant jusqu\u2019\u00e0 30 ans d\u2019emprisonnement. Cette affaire a donn\u00e9 lieu, en outre, au proc\u00e8s politique qui a abouti \u00e0 la destitution de l\u2019ex-pr\u00e9sident du Paraguay Fernando Lugo.<\/span><\/p>\n<p><span style=\"font-size: 14pt;\">\u00c0 la suite de ces faits de violence, la groupe des \u00ab\u00a0Femmes de la Commission des victimes du massacre de Curuguaty\u00a0\u00bb a \u00e9t\u00e9 cr\u00e9\u00e9 par des femmes qui se sont trouv\u00e9es \u00e0 devoir se battre non seulement pour la lib\u00e9ration des paysannes et paysans condamn\u00e9s pour la mort des policiers, mais \u00e9galement pour leur subsistance \u00e9conomique et le d\u00e9veloppement de leur village, leur objectif principal \u00e9tant que les terres de Marina Cu\u00e9 soient destin\u00e9es aux paysans et paysannes de la r\u00e9gion.<\/span><\/p>\n<p><span style=\"font-size: 14pt;\">Tous les paysans et paysannes ont \u00e9t\u00e9 acquitt\u00e9s au mois de juillet de cette ann\u00e9e gr\u00e2ce aux strat\u00e9gies de lobbying et les d\u00e9marches entreprises par la Commission. \u00c0 ce jour, cependant, il n\u2019y a eu aucune condamnation pour le meurtre des 11 paysans.<\/span><\/p>\n<p><strong><span style=\"font-size: 14pt;\">LA TENTE DE LA R\u00c9SISTANCE COMME M\u00c9THODE DE COMBAT<\/span><\/strong><\/p>\n<p><img loading=\"lazy\" decoding=\"async\" class=\"alignleft wp-image-838\" src=\"https:\/\/gaga1stg.wpenginepowered.com\/wp-content\/uploads\/2018\/11\/Madres-en-la-carpa-de-la-resistencia.-e1541605505950.jpg\" alt=\"\" width=\"500\" height=\"375\" \/><\/p>\n<p><span style=\"font-size: 14pt;\">Pendant deux ans, de 2016 \u00e0 2018, les membres de la Commission et leurs familles se sont install\u00e9s dans une tente plac\u00e9e face au Palais de Justice d\u2019Asunci\u00f3n, afin de faire pression pour la lib\u00e9ration des condamn\u00e9s pour le massacre. Cette forme de protestation a commenc\u00e9 lorsque les paysans et paysannes ont \u00e9t\u00e9 reconnus coupables du massacre et condamn\u00e9s.<\/span><\/p>\n<p><span style=\"font-size: 14pt;\">\u00ab\u00a0Le montage de la tente \u00e9tait un mode de r\u00e9sistance pacifique de la part des familles des prisonniers et prisonni\u00e8res de Curuguaty. Cette tente a \u00e9t\u00e9 install\u00e9e juste en face du Palais de Justice pour transmettre un message concret et rappeler tous les jours aux op\u00e9rateurs de la justice la condamnation injuste inflig\u00e9e aux paysans et paysannes. Il s\u2019agissait \u00e9galement d\u2019un appel \u00e0 l\u2019aide lanc\u00e9 \u00e0 la soci\u00e9t\u00e9 paraguayenne, et une forme de d\u00e9noncer face au monde entier la criminalisation qui avait \u00e9t\u00e9 faite de leurs proches qui avaient eu le courage de faire entendre leurs voix\u00a0\u00bb, a indiqu\u00e9 Raquel Aveiro, Coordinatrice au Paraguay du <a href=\"http:\/\/mujeresdelsur.org\/\">Fondo de Mujeres del Sur<\/a> (FMS), organisation qui a fourni un appui financier et technique aux femmes de Marina Cu\u00e9.<\/span><\/p>\n<p><span style=\"font-size: 14pt;\">La \u00ab\u00a0tente de la r\u00e9sistance\u00a0\u00bb a \u00e9t\u00e9 d\u00e9mont\u00e9e le 28 juillet 2018, lorsque la Chambre p\u00e9nale de la Cour Supr\u00eame de Justice a acquitt\u00e9 les syndicats en raison de lacunes du processus d\u2019enqu\u00eate.<\/span><\/p>\n<p><span style=\"font-size: 14pt;\">\u00ab\u00a0C\u2019est ici que les m\u00e8res et les proches des martyrs et des condamn\u00e9s de Marina Kue avons fait notre r\u00e9sistance. Nous exigeons la justice, la libert\u00e9 et la terre\u00a0\u00bb, dit un panneau \u00e0 l\u2019emplacement o\u00f9 \u00e9tait mont\u00e9e la tente, selon les m\u00e9dias paraguayens.<\/span><\/p>\n<p><span style=\"font-size: 14pt;\">Josefa Acosta, habitante du village, explique que \u00ab\u00a0la Commission est devenue plus forte quand nous avons commenc\u00e9 \u00e0 installer la tente de la r\u00e9sistance, parce que nous \u00e9tions des femmes et des hommes, mais surtout des femmes, m\u00e8res ou \u00e9pouses des victimes\u00a0\u00bb.<\/span><\/p>\n<p><span style=\"font-size: 14pt;\">Cinq des paysans condamn\u00e9s ont \u00e9t\u00e9 emprisonn\u00e9s dans la prison de Tacumb\u00fa, \u00e0 Asunci\u00f3n, jusqu\u2019au mois de juillet 2018, lorsqu\u2019ils ont \u00e9t\u00e9 acquitt\u00e9s. En 2012, les prisonniers et prisonni\u00e8res ont entam\u00e9 une gr\u00e8ve de la faim qui a dur\u00e9 28 jours.<\/span><\/p>\n<p><span style=\"font-size: 14pt;\">\u00ab\u00a0L\u2019installation de la tente \u00e9tait un geste symbolique et politique de r\u00e9sistance contre l\u2019autoritarisme, la criminalisation des paysans, l\u2019injustice, et pour donner visibilit\u00e9 \u00e0 la f\u00e9roce lutte pour la terre au Paraguay. La tente de la r\u00e9sistance a permis aux paysannes et paysans de conserver un espace de visibilit\u00e9 pour leurs r\u00e9clamations, face au silence qui \u00e9tait souvent l\u2019unique r\u00e9ponse des m\u00e9dias traditionnels du Paraguay\u00a0\u00bb, dit Raquel Aveiro.<\/span><\/p>\n<p><strong><span style=\"font-size: 14pt;\">COMMENT NA\u00ceT LA COMMISSION?\u00a0<\/span><\/strong><\/p>\n<p><span style=\"font-size: 14pt;\">La Commission na\u00eet dans le but de pr\u00e9senter des demandes \u00e0 l\u2019\u00c9tat du Paraguay\u00a0: la libert\u00e9 des femmes et des hommes emprisonn\u00e9s et condamn\u00e9s pour la mort des policiers\u00a0; que les coupables de la mort des paysans soient punis\u00a0; l\u2019indemnisation des victimes ; et que les paysannes et paysans de Marina Cu\u00e9 aient acc\u00e8s \u00e0 la terre.<\/span><\/p>\n<p><span style=\"font-size: 14pt;\">\u00ab\u00a0Nous avons eu la chance de pouvoir bien nous organiser\u00a0\u00bb, explique Marina Paredes, une des int\u00e9grantes de la Commission. \u00ab\u00a0Aujourd\u2019hui, nous cultivons des l\u00e9gumes, des v\u00e9g\u00e9taux, du ma\u00efs, des haricots\u00a0\u00bb, explique-t-elle en d\u00e9taillant toutes les activit\u00e9s qu\u2019elles ont mis en place gr\u00e2ce aux financements et formations qu\u2019elles ont re\u00e7us.<\/span><\/p>\n<p><span style=\"font-size: 14pt;\">Nous avons \u00e9norm\u00e9ment avanc\u00e9. Au moment du massacre nous n\u2019avions rien, et maintenant, on n\u2019en croit pas nos yeux, voyez tout ce qu\u2019il y a. Nous n\u2019avions aucune organisation, nous n\u2019avions rien, mais gr\u00e2ce aux soutiens que nous avons re\u00e7us, nous avons pu continuer et r\u00e9sister\u00a0\u00bb, affirme Martina.<\/span><\/p>\n<p><span style=\"font-size: 14pt;\">Josefa Acosta, elle aussi membre de la Commission, confirme\u00a0: \u00ab\u00a0Notre r\u00e9sistance s\u2019est battue non seulement pour la libert\u00e9 des d\u00e9tenus, mais aussi pour que nos enfants aient une vie digne\u00a0\u00bb.<\/span><\/p>\n<p><strong><span style=\"font-size: 14pt;\">L\u2019ORGANISATION CR\u00c9ATRICE D&rsquo;AUTONOMIE\u00a0<\/span><\/strong><\/p>\n<p><span style=\"font-size: 14pt;\">\u00ab\u00a0C\u2019est incroyable ce que les femmes peuvent faire quand elles s\u2019organisent\u00a0\u00bb, dit Raquel Aveiro, coordinatrice pour le Paraguay du Fonds des femmes du Sud (FMS), en analysant ce que les femmes de la Commission ont accompli.<\/span><\/p>\n<p><span style=\"font-size: 14pt;\">Le Fonds des femmes du Sud est une des trois organisations qui ont soutenu la Commission par le biais de son <a href=\"http:\/\/mujeresdelsur.org\/programas\/defensoras-ambientales\/\">Programme de renforcement des d\u00e9fenseures de l\u2019environnement<\/a>, financ\u00e9 par la Global Alliance for Green and Gender Action (GAGGA). Le <a href=\"https:\/\/fondoaccionurgente.org.co\/\">Fondo de Acci\u00f3n Urgente &#8211; Am\u00e9rica Latina y el Caribe<\/a> a \u00e9galement soutenu la Commission. <\/span><\/p>\n<p><img loading=\"lazy\" decoding=\"async\" class=\"wp-image-840 alignright\" src=\"https:\/\/gaga1stg.wpenginepowered.com\/wp-content\/uploads\/2018\/11\/Encuentro-FMS-Curuguaty-e1541607970403.jpg\" alt=\"\" width=\"500\" height=\"334\" \/><\/p>\n<p style=\"text-align: left;\"><span style=\"font-size: 14pt;\">\u00ab\u00a0Nous avons commenc\u00e9 \u00e0 travailler avec elles pour renforcer leur organisation, et pour qu\u2019elles soient en mesure de d\u00e9velopper des techniques pour leur propre durabilit\u00e9. Par exemple, pr\u00e9senter des projets et avoir acc\u00e8s \u00e0 d\u2019autres fonds et organisations, pour les aider \u00e0 trouver des financements pour les besoins qui \u00e9taient identifi\u00e9s au fur et \u00e0 mesure\u00a0\u00bb, explique Aveiro.<\/span><\/p>\n<p style=\"text-align: left;\"><span style=\"font-size: 14pt;\">\u00ab\u00a0C\u2019est merveilleux, ce qu\u2019elles ont fait. Dans la Commission, il y a 45 femmes. Ce sont elles qui ont pris en charge l\u2019organisation et la gestion des ressources communautaires, en d\u00e9fense de la terre et de la souverainet\u00e9 alimentaire, et qui en plus ont men\u00e9 le combat pour la justice dans les cas d\u2019incarc\u00e9ration arbitraire \u00e0 la suite du massacre\u00a0\u00bb, ajoute Aveiro.<\/span><\/p>\n<p style=\"text-align: left;\"><span style=\"font-size: 14pt;\">\u00ab\u00a0Pour nous, ce que nous avons accompli \u00e0 Curuguaty est tr\u00e8s satisfaisant\u00a0\u00bb, dit-elle. \u00a0<\/span><\/p>\n<p><strong><span style=\"font-size: 14pt;\">OUTILS POUR LA DURABILIT\u00c9 LOCALE<\/span><\/strong><\/p>\n<p><span style=\"font-size: 14pt;\">Avec le soutien des autres organisations,les habitants de Marina Cu\u00e9 cultivent les aliments qu\u2019ils consomment et vendent les exc\u00e9dents dans les foires. De plus, c\u2019est gr\u00e2ce aux d\u00e9marches entreprises par la Commission qu\u2019une \u00e9cole multiniveaux a vu le jour \u00e0 Marina Cu\u00e9, et qu\u2019avec l\u2019appui du FMS un atelier de couture a \u00e9t\u00e9 ouvert. Le Service national de formation professionnel a pris en charge les formations relatives \u00e0 l\u2019utilisation des machines \u00e0 coudre qui ont \u00e9t\u00e9 donn\u00e9es.<\/span><\/p>\n<p><strong><span style=\"font-size: 14pt;\">DES FEMMES QUI SE BATTENT POUR LEURS DROITS<\/span><\/strong><\/p>\n<p><span style=\"font-size: 14pt;\">Du point de vue organisationnel, l\u2019autonomisation des femmes de Curuguaty \u00ab\u00a0a \u00e9t\u00e9 impressionnante\u00a0\u00bb, estime Raquel Aveiro du FMS. \u00ab\u00a0Elles ont obtenu de l\u2019aide d\u2019autres organisations de la soci\u00e9t\u00e9 civile, dont Amnesty International.<\/span><\/p>\n<p><span style=\"font-size: 14pt;\">Ici, au Paraguay, les hommes d\u00e9tiennent les positions de pouvoir, il est difficile de se positionner et de s\u2019autonomiser. Il est tr\u00e8s important pour elles de g\u00e9rer leurs ressources, c\u2019est ce qui les positionne\u00a0\u00bb, dit Aveiro.<\/span><\/p>\n<p><span style=\"font-size: 14pt;\">\u00c0 ce propos, elle indique que, bien que la Commission ne se soit pas dot\u00e9e de personnalit\u00e9 juridique, ses membres ont obtenu \u00ab\u00a0d\u2019avoir une voix, ce qui est tr\u00e8s important car les femmes sont d\u00e9sormais incluses au niveau communautaire\u00a0\u00bb.<\/span><\/p>\n<p><span style=\"font-size: 14pt;\">Aveiro rappelle que le cas du massacre de Curuguaty a \u00e9t\u00e9 men\u00e9 face \u00e0 l\u2019Organisation des Nations Unies.<\/span><\/p>\n<p><img loading=\"lazy\" decoding=\"async\" class=\"wp-image-842 alignleft\" src=\"https:\/\/gaga1stg.wpenginepowered.com\/wp-content\/uploads\/2018\/11\/IMG-20180615-WA0007-e1541608455916.jpg\" alt=\"\" width=\"500\" height=\"375\" \/><\/p>\n<p><span style=\"font-size: 14pt;\">Elle ajoute n\u00e9anmoins que la Commission doit encore \u00ab\u00a0faire des efforts pour renforcer son d\u00e9veloppement organisationnel et ses ressources pour approfondir et assurer ses accomplissements\u00a0\u00bb, mais que \u00ab\u00a0il s\u2019agit l\u00e0 d\u2019un exemple qui montre bien que c\u2019est possible, que quand les femmes s\u2019unissent elles peuvent saisir les opportunit\u00e9s, c\u2019est un exemple pour les autres organisations de femmes\u00a0\u00bb.<\/span><\/p>\n<p><span style=\"font-size: 14pt;\">\u00ab\u00a0Nous avons pu mener nos actions de plaidoyer gr\u00e2ce au Fonds des femmes du Sud, et des camarades d\u2019autres organisations nous ont aid\u00e9es. Nous avons une \u00e9cole, une \u00e9glise et des routes, nous travaillons dans la communaut\u00e9. Nous avons un entrep\u00f4t de biens de consommation qui appartient \u00e0 l\u2019association de femmes. Nous avons eu la chance de bien pouvoir nous organiser\u00a0\u00bb, insiste Martina Paredes.<\/span><\/p>\n<p><span style=\"font-size: 14pt;\">Raquel Aveiro estime qu\u2019il serait bon de continuer \u00e0 \u00ab\u00a0appuyer le renforcement de la Commission des femmes en diff\u00e9rents contextes\u00a0\u00bb car \u00ab\u00a0le village, malgr\u00e9 son r\u00eave de devenir une communaut\u00e9 mod\u00e8le, a un long chemin devant soi avant d\u2019atteindre ses objectifs.<\/span><\/p>\n<p><span style=\"font-size: 14pt;\">Aujourd\u2019hui, les femmes qui \u00e9taient assign\u00e9es \u00e0 r\u00e9sidence et qui ont \u00e9t\u00e9 lib\u00e9r\u00e9es se sont ins\u00e9r\u00e9es dans le village de Marina Cu\u00e9, et les hommes qui \u00e9taient incarc\u00e9r\u00e9s ont men\u00e9 des actions de collecte de fonds pour pouvoir se construire des logements pr\u00e9caires et s\u2019installer dans le village.<\/span><\/p>\n<p>&nbsp;<\/p>\n<p><span style=\"font-size: 14pt;\"><strong><em>\u00a0&#8211; Articles d&rsquo;int\u00e9r\u00eat &#8211;<\/em><\/strong><\/span><\/p>\n<p><span style=\"font-size: 14pt;\"><a href=\"http:\/\/www.cde.org.py\/wp-content\/uploads\/2018\/06\/GV_01_Carbone_Soto_webdif.pdf\">Que s&rsquo;est-il pass\u00e9 en Curuguaty? Analyse et chronologie<\/a> (espagnol)<\/span><\/p>\n<p><span style=\"font-size: 14pt;\"><a href=\"https:\/\/www.ultimahora.com\/victimas-masacre-curuguaty-reiteran-pedido-investigacion-n1065179.html\">Les victimes du massacre de Curuguaty r\u00e9it\u00e8rent leur demande d&rsquo;enqu\u00eate<\/a> (espagnol)<\/span><\/p>\n<p><span style=\"font-size: 14pt;\"><a href=\"http:\/\/www.paraguay.com\/nacionales\/caso-curuguaty-mujeres-se-encadenan-y-piden-absolucion-de-acusados-146999\">Affaire Curuguaty: les femmes sont encha\u00een\u00e9es et exigent l&rsquo;acquittement de l&rsquo;accus\u00e9<\/a> (espagnol)<\/span><\/p>\n<p><span style=\"font-size: 14pt;\">Fondo de Mujeres del Sur: <a href=\"http:\/\/mujeresdelsur.org\/sitio\/archivos\/Descargas_Directas\/Nota%20Mujeres%20de%20la%20Comisin%20de%20Vctimas%20Marina%20Ku%201.pdf\">Femmes de la Commission des victimes du massacre de Curuguaty<\/a> (espagnol)<\/span><\/p>\n<p><span style=\"font-size: 14pt;\">Fondo de Acci\u00f3n Urgente &#8211; Am\u00e9rica Latina y el Caribe:\u00a0<\/span><a href=\"https:\/\/fondoaccionurgente.org.co\/site\/assets\/files\/1359\/historia_curuguaty.pdf\"><span style=\"font-size: 14pt;\">Courage et r\u00e9sistance: l&rsquo;histoire des paysannes\u00a0<\/span><span style=\"font-size: 14pt;\">criminalis\u00e9 au Paraguay\u00a0<\/span><\/a><span style=\"font-size: 14pt;\">(espagnol)<\/span><!--more--><\/p>\n","protected":false},"excerpt":{"rendered":"<p>Les femmes de Marina Cu\u00e9 sont un mod\u00e8le de r\u00e9sistance. C\u2019est gr\u00e2ce \u00e0 leur travail de plaidoyer qu\u2019elles ont obtenu la lib\u00e9ration de leurs camarades condamn\u00e9s dans l\u2019affaire du massacre de Curuguaty. Elles ont obtenu en outre la construction d\u2019une \u00e9cole multiniveaux et d\u2019une route, elles ont mis en place un potager communautaire ainsi que<a href=\"https:\/\/gaggaalliance.org\/fr\/les-femmes-de-marina-cue-resistance-et-autonomisation-au-paraguay-2\/\">Continue reading <span class=\"sr-only\">\u00ab\u00a0Les femmes de Marina Cu\u00e9, r\u00e9sistance et autonomisation au Paraguay\u00a0\u00bb<\/span><\/a><\/p>\n","protected":false},"author":1,"featured_media":14783,"comment_status":"open","ping_status":"open","sticky":false,"template":"","format":"standard","meta":{"_acf_changed":false,"inline_featured_image":false,"footnotes":""},"categories":[501],"tags":[],"thematic":[],"class_list":["post-11339","post","type-post","status-publish","format-standard","has-post-thumbnail","hentry","category-news-article-fr"],"acf":[],"yoast_head":"<!-- This site is optimized with the Yoast SEO plugin v23.4 - https:\/\/yoast.com\/wordpress\/plugins\/seo\/ -->\n<title>Les femmes de Marina Cu\u00e9, r\u00e9sistance et autonomisation au Paraguay - GAGGA | Global Alliance for Green and Gender Action<\/title>\n<meta name=\"robots\" content=\"index, follow, max-snippet:-1, max-image-preview:large, max-video-preview:-1\" \/>\n<link rel=\"canonical\" href=\"https:\/\/gaggaalliance.org\/fr\/les-femmes-de-marina-cue-resistance-et-autonomisation-au-paraguay-2\/\" \/>\n<meta property=\"og:locale\" content=\"fr_FR\" \/>\n<meta property=\"og:type\" content=\"article\" \/>\n<meta property=\"og:title\" content=\"Les femmes de Marina Cu\u00e9, r\u00e9sistance et autonomisation au Paraguay - GAGGA | Global Alliance for Green and Gender Action\" \/>\n<meta property=\"og:description\" content=\"Les femmes de Marina Cu\u00e9 sont un mod\u00e8le de r\u00e9sistance. C\u2019est gr\u00e2ce \u00e0 leur travail de plaidoyer qu\u2019elles ont obtenu la lib\u00e9ration de leurs camarades condamn\u00e9s dans l\u2019affaire du massacre de Curuguaty. Elles ont obtenu en outre la construction d\u2019une \u00e9cole multiniveaux et d\u2019une route, elles ont mis en place un potager communautaire ainsi queContinue reading &quot;Les femmes de Marina Cu\u00e9, r\u00e9sistance et autonomisation au Paraguay&quot;\" \/>\n<meta property=\"og:url\" content=\"https:\/\/gaggaalliance.org\/fr\/les-femmes-de-marina-cue-resistance-et-autonomisation-au-paraguay-2\/\" \/>\n<meta property=\"og:site_name\" content=\"GAGGA | Global Alliance for Green and Gender Action\" \/>\n<meta property=\"article:published_time\" content=\"2018-11-07T15:40:54+00:00\" \/>\n<meta property=\"article:modified_time\" content=\"2024-10-18T11:46:47+00:00\" \/>\n<meta property=\"og:image\" content=\"https:\/\/gaggaalliance.org\/wp-content\/uploads\/2018\/11\/Madres-en-la-carpa-de-la-resistencia.-e1541605505950-2.jpg\" \/>\n\t<meta property=\"og:image:width\" content=\"600\" \/>\n\t<meta property=\"og:image:height\" content=\"450\" \/>\n\t<meta property=\"og:image:type\" content=\"image\/jpeg\" \/>\n<meta name=\"author\" content=\"gagga\" \/>\n<meta name=\"twitter:card\" content=\"summary_large_image\" \/>\n<meta name=\"twitter:label1\" content=\"\u00c9crit par\" \/>\n\t<meta name=\"twitter:data1\" content=\"gagga\" \/>\n\t<meta name=\"twitter:label2\" content=\"Dur\u00e9e de lecture estim\u00e9e\" \/>\n\t<meta name=\"twitter:data2\" content=\"8 minutes\" \/>\n<script type=\"application\/ld+json\" class=\"yoast-schema-graph\">{\"@context\":\"https:\/\/schema.org\",\"@graph\":[{\"@type\":\"WebPage\",\"@id\":\"https:\/\/gaggaalliance.org\/fr\/les-femmes-de-marina-cue-resistance-et-autonomisation-au-paraguay-2\/\",\"url\":\"https:\/\/gaggaalliance.org\/fr\/les-femmes-de-marina-cue-resistance-et-autonomisation-au-paraguay-2\/\",\"name\":\"Les femmes de Marina Cu\u00e9, r\u00e9sistance et autonomisation au Paraguay - GAGGA | Global Alliance for Green and Gender Action\",\"isPartOf\":{\"@id\":\"https:\/\/gaggaalliance.org\/#website\"},\"primaryImageOfPage\":{\"@id\":\"https:\/\/gaggaalliance.org\/fr\/les-femmes-de-marina-cue-resistance-et-autonomisation-au-paraguay-2\/#primaryimage\"},\"image\":{\"@id\":\"https:\/\/gaggaalliance.org\/fr\/les-femmes-de-marina-cue-resistance-et-autonomisation-au-paraguay-2\/#primaryimage\"},\"thumbnailUrl\":\"https:\/\/gaggaalliance.org\/wp-content\/uploads\/2018\/11\/Madres-en-la-carpa-de-la-resistencia.-e1541605505950-2.jpg\",\"datePublished\":\"2018-11-07T15:40:54+00:00\",\"dateModified\":\"2024-10-18T11:46:47+00:00\",\"author\":{\"@id\":\"https:\/\/gaggaalliance.org\/#\/schema\/person\/d13c284e30a1852c6ca24c27a8f4f387\"},\"breadcrumb\":{\"@id\":\"https:\/\/gaggaalliance.org\/fr\/les-femmes-de-marina-cue-resistance-et-autonomisation-au-paraguay-2\/#breadcrumb\"},\"inLanguage\":\"fr-FR\",\"potentialAction\":[{\"@type\":\"ReadAction\",\"target\":[\"https:\/\/gaggaalliance.org\/fr\/les-femmes-de-marina-cue-resistance-et-autonomisation-au-paraguay-2\/\"]}]},{\"@type\":\"ImageObject\",\"inLanguage\":\"fr-FR\",\"@id\":\"https:\/\/gaggaalliance.org\/fr\/les-femmes-de-marina-cue-resistance-et-autonomisation-au-paraguay-2\/#primaryimage\",\"url\":\"https:\/\/gaggaalliance.org\/wp-content\/uploads\/2018\/11\/Madres-en-la-carpa-de-la-resistencia.-e1541605505950-2.jpg\",\"contentUrl\":\"https:\/\/gaggaalliance.org\/wp-content\/uploads\/2018\/11\/Madres-en-la-carpa-de-la-resistencia.-e1541605505950-2.jpg\",\"width\":600,\"height\":450},{\"@type\":\"BreadcrumbList\",\"@id\":\"https:\/\/gaggaalliance.org\/fr\/les-femmes-de-marina-cue-resistance-et-autonomisation-au-paraguay-2\/#breadcrumb\",\"itemListElement\":[{\"@type\":\"ListItem\",\"position\":1,\"name\":\"Home\",\"item\":\"https:\/\/gaggaalliance.org\/fr\/\"},{\"@type\":\"ListItem\",\"position\":2,\"name\":\"Les femmes de Marina Cu\u00e9, r\u00e9sistance et autonomisation au Paraguay\"}]},{\"@type\":\"WebSite\",\"@id\":\"https:\/\/gaggaalliance.org\/#website\",\"url\":\"https:\/\/gaggaalliance.org\/\",\"name\":\"GAGGA | Global Alliance for Green and Gender Action\",\"description\":\"\",\"potentialAction\":[{\"@type\":\"SearchAction\",\"target\":{\"@type\":\"EntryPoint\",\"urlTemplate\":\"https:\/\/gaggaalliance.org\/?s={search_term_string}\"},\"query-input\":{\"@type\":\"PropertyValueSpecification\",\"valueRequired\":true,\"valueName\":\"search_term_string\"}}],\"inLanguage\":\"fr-FR\"},{\"@type\":\"Person\",\"@id\":\"https:\/\/gaggaalliance.org\/#\/schema\/person\/d13c284e30a1852c6ca24c27a8f4f387\",\"name\":\"gagga\",\"image\":{\"@type\":\"ImageObject\",\"inLanguage\":\"fr-FR\",\"@id\":\"https:\/\/gaggaalliance.org\/#\/schema\/person\/image\/\",\"url\":\"https:\/\/secure.gravatar.com\/avatar\/f186e9b126fb0100e03487cd558e3275132598d359614bc338afbe15dcd7a266?s=96&d=mm&r=g\",\"contentUrl\":\"https:\/\/secure.gravatar.com\/avatar\/f186e9b126fb0100e03487cd558e3275132598d359614bc338afbe15dcd7a266?s=96&d=mm&r=g\",\"caption\":\"gagga\"},\"sameAs\":[\"https:\/\/gaggaalliance.org\"],\"url\":\"https:\/\/gaggaalliance.org\/fr\/author\/gagga\/\"}]}<\/script>\n<!-- \/ Yoast SEO plugin. -->","yoast_head_json":{"title":"Les femmes de Marina Cu\u00e9, r\u00e9sistance et autonomisation au Paraguay - GAGGA | Global Alliance for Green and Gender Action","robots":{"index":"index","follow":"follow","max-snippet":"max-snippet:-1","max-image-preview":"max-image-preview:large","max-video-preview":"max-video-preview:-1"},"canonical":"https:\/\/gaggaalliance.org\/fr\/les-femmes-de-marina-cue-resistance-et-autonomisation-au-paraguay-2\/","og_locale":"fr_FR","og_type":"article","og_title":"Les femmes de Marina Cu\u00e9, r\u00e9sistance et autonomisation au Paraguay - GAGGA | Global Alliance for Green and Gender Action","og_description":"Les femmes de Marina Cu\u00e9 sont un mod\u00e8le de r\u00e9sistance. C\u2019est gr\u00e2ce \u00e0 leur travail de plaidoyer qu\u2019elles ont obtenu la lib\u00e9ration de leurs camarades condamn\u00e9s dans l\u2019affaire du massacre de Curuguaty. Elles ont obtenu en outre la construction d\u2019une \u00e9cole multiniveaux et d\u2019une route, elles ont mis en place un potager communautaire ainsi queContinue reading \"Les femmes de Marina Cu\u00e9, r\u00e9sistance et autonomisation au Paraguay\"","og_url":"https:\/\/gaggaalliance.org\/fr\/les-femmes-de-marina-cue-resistance-et-autonomisation-au-paraguay-2\/","og_site_name":"GAGGA | Global Alliance for Green and Gender Action","article_published_time":"2018-11-07T15:40:54+00:00","article_modified_time":"2024-10-18T11:46:47+00:00","og_image":[{"width":600,"height":450,"url":"https:\/\/gaggaalliance.org\/wp-content\/uploads\/2018\/11\/Madres-en-la-carpa-de-la-resistencia.-e1541605505950-2.jpg","type":"image\/jpeg"}],"author":"gagga","twitter_card":"summary_large_image","twitter_misc":{"\u00c9crit par":"gagga","Dur\u00e9e de lecture estim\u00e9e":"8 minutes"},"schema":{"@context":"https:\/\/schema.org","@graph":[{"@type":"WebPage","@id":"https:\/\/gaggaalliance.org\/fr\/les-femmes-de-marina-cue-resistance-et-autonomisation-au-paraguay-2\/","url":"https:\/\/gaggaalliance.org\/fr\/les-femmes-de-marina-cue-resistance-et-autonomisation-au-paraguay-2\/","name":"Les femmes de Marina Cu\u00e9, r\u00e9sistance et autonomisation au Paraguay - GAGGA | Global Alliance for Green and Gender Action","isPartOf":{"@id":"https:\/\/gaggaalliance.org\/#website"},"primaryImageOfPage":{"@id":"https:\/\/gaggaalliance.org\/fr\/les-femmes-de-marina-cue-resistance-et-autonomisation-au-paraguay-2\/#primaryimage"},"image":{"@id":"https:\/\/gaggaalliance.org\/fr\/les-femmes-de-marina-cue-resistance-et-autonomisation-au-paraguay-2\/#primaryimage"},"thumbnailUrl":"https:\/\/gaggaalliance.org\/wp-content\/uploads\/2018\/11\/Madres-en-la-carpa-de-la-resistencia.-e1541605505950-2.jpg","datePublished":"2018-11-07T15:40:54+00:00","dateModified":"2024-10-18T11:46:47+00:00","author":{"@id":"https:\/\/gaggaalliance.org\/#\/schema\/person\/d13c284e30a1852c6ca24c27a8f4f387"},"breadcrumb":{"@id":"https:\/\/gaggaalliance.org\/fr\/les-femmes-de-marina-cue-resistance-et-autonomisation-au-paraguay-2\/#breadcrumb"},"inLanguage":"fr-FR","potentialAction":[{"@type":"ReadAction","target":["https:\/\/gaggaalliance.org\/fr\/les-femmes-de-marina-cue-resistance-et-autonomisation-au-paraguay-2\/"]}]},{"@type":"ImageObject","inLanguage":"fr-FR","@id":"https:\/\/gaggaalliance.org\/fr\/les-femmes-de-marina-cue-resistance-et-autonomisation-au-paraguay-2\/#primaryimage","url":"https:\/\/gaggaalliance.org\/wp-content\/uploads\/2018\/11\/Madres-en-la-carpa-de-la-resistencia.-e1541605505950-2.jpg","contentUrl":"https:\/\/gaggaalliance.org\/wp-content\/uploads\/2018\/11\/Madres-en-la-carpa-de-la-resistencia.-e1541605505950-2.jpg","width":600,"height":450},{"@type":"BreadcrumbList","@id":"https:\/\/gaggaalliance.org\/fr\/les-femmes-de-marina-cue-resistance-et-autonomisation-au-paraguay-2\/#breadcrumb","itemListElement":[{"@type":"ListItem","position":1,"name":"Home","item":"https:\/\/gaggaalliance.org\/fr\/"},{"@type":"ListItem","position":2,"name":"Les femmes de Marina Cu\u00e9, r\u00e9sistance et autonomisation au Paraguay"}]},{"@type":"WebSite","@id":"https:\/\/gaggaalliance.org\/#website","url":"https:\/\/gaggaalliance.org\/","name":"GAGGA | Global Alliance for Green and Gender Action","description":"","potentialAction":[{"@type":"SearchAction","target":{"@type":"EntryPoint","urlTemplate":"https:\/\/gaggaalliance.org\/?s={search_term_string}"},"query-input":{"@type":"PropertyValueSpecification","valueRequired":true,"valueName":"search_term_string"}}],"inLanguage":"fr-FR"},{"@type":"Person","@id":"https:\/\/gaggaalliance.org\/#\/schema\/person\/d13c284e30a1852c6ca24c27a8f4f387","name":"gagga","image":{"@type":"ImageObject","inLanguage":"fr-FR","@id":"https:\/\/gaggaalliance.org\/#\/schema\/person\/image\/","url":"https:\/\/secure.gravatar.com\/avatar\/f186e9b126fb0100e03487cd558e3275132598d359614bc338afbe15dcd7a266?s=96&d=mm&r=g","contentUrl":"https:\/\/secure.gravatar.com\/avatar\/f186e9b126fb0100e03487cd558e3275132598d359614bc338afbe15dcd7a266?s=96&d=mm&r=g","caption":"gagga"},"sameAs":["https:\/\/gaggaalliance.org"],"url":"https:\/\/gaggaalliance.org\/fr\/author\/gagga\/"}]}},"_links":{"self":[{"href":"https:\/\/gaggaalliance.org\/fr\/wp-json\/wp\/v2\/posts\/11339","targetHints":{"allow":["GET"]}}],"collection":[{"href":"https:\/\/gaggaalliance.org\/fr\/wp-json\/wp\/v2\/posts"}],"about":[{"href":"https:\/\/gaggaalliance.org\/fr\/wp-json\/wp\/v2\/types\/post"}],"author":[{"embeddable":true,"href":"https:\/\/gaggaalliance.org\/fr\/wp-json\/wp\/v2\/users\/1"}],"replies":[{"embeddable":true,"href":"https:\/\/gaggaalliance.org\/fr\/wp-json\/wp\/v2\/comments?post=11339"}],"version-history":[{"count":0,"href":"https:\/\/gaggaalliance.org\/fr\/wp-json\/wp\/v2\/posts\/11339\/revisions"}],"wp:featuredmedia":[{"embeddable":true,"href":"https:\/\/gaggaalliance.org\/fr\/wp-json\/wp\/v2\/media\/14783"}],"wp:attachment":[{"href":"https:\/\/gaggaalliance.org\/fr\/wp-json\/wp\/v2\/media?parent=11339"}],"wp:term":[{"taxonomy":"category","embeddable":true,"href":"https:\/\/gaggaalliance.org\/fr\/wp-json\/wp\/v2\/categories?post=11339"},{"taxonomy":"post_tag","embeddable":true,"href":"https:\/\/gaggaalliance.org\/fr\/wp-json\/wp\/v2\/tags?post=11339"},{"taxonomy":"thematic","embeddable":true,"href":"https:\/\/gaggaalliance.org\/fr\/wp-json\/wp\/v2\/thematic?post=11339"}],"curies":[{"name":"wp","href":"https:\/\/api.w.org\/{rel}","templated":true}]}}